{"id":2095,"date":"2023-02-21T23:38:49","date_gmt":"2023-02-21T23:38:49","guid":{"rendered":"https:\/\/saru.co.jp\/anime\/?p=2095"},"modified":"2023-02-22T04:05:29","modified_gmt":"2023-02-22T04:05:29","slug":"new-pokemon-1005","status":"publish","type":"post","link":"https:\/\/saru.co.jp\/anime\/new-pokemon-1005\/","title":{"rendered":"New &#8220;Pok\u00e9mon&#8221; anime series reveals information on another main character, Roy!"},"content":{"rendered":"<p>Information about Roy, one of the main characters from the new &#8220;Pok\u00e9mon&#8221; TV anime series that will start on Friday, April 14, has been released.<\/p>\n<p>After &#8220;Pok\u00e9mon: Mezase Pok\u00e9mon Master,&#8221; the final chapter in the story of Satoshi and Pikachu, the new &#8220;Pok\u00e9mon&#8221; TV anime series will begin airing on Friday April 14, 2023, featuring a girl named Riko and a boy named Roy,<\/p>\n<p>A setting drawing depicting various expressions of Roy has also been released.<\/p>\n<p>More information about the new series will be announced in the upcoming TV anime, so look forward to it!<\/p>\n<p>Quote:<a href=\"https:\/\/twitter.com\/anipoke_PR\" target=\"_blank\" rel=\"noopener\">https:\/\/twitter.com\/anipoke_PR<\/a><\/p>\n<p><a href=\"https:\/\/www.pokemon.co.jp\/\" target=\"_blank\" rel=\"noopener\">Pok\u00e9mon<\/a><\/p>\n<blockquote class=\"twitter-tweet\" data-width=\"500\" data-dnt=\"true\">\n<p lang=\"ja\" dir=\"ltr\">\u25e2\u25e4<a href=\"https:\/\/twitter.com\/hashtag\/%E3%82%A2%E3%83%8B%E3%83%9D%E3%82%B1?src=hash&amp;ref_src=twsrc%5Etfw\">#\u30a2\u30cb\u30dd\u30b1<\/a> \u65b0\u60c5\u5831\u25e2\u25e4<\/p>\n<p>\u30c0\u30d6\u30eb\u4e3b\u4eba\u516c\u306e\u30ea\u30b3\u3068\u30ed\u30a4\u306e<br \/>\u30a4\u30e9\u30b9\u30c8\u3092\u516c\u958b\ud83c\udf89<\/p>\n<p>\u3068\u3063\u3066\u3082\u8868\u60c5\u8c4a\u304b\u306a2\u4eba\u306e\u6d3b\u8e8d\u306b\u3001<br \/>\u3054\u671f\u5f85\u304f\u3060\u3055\u3044\ud83d\udcab<\/p>\n<p>\u6765\u9031\u306f\u3055\u3089\u306b\u3001\u3082\u30462\u3064\u306e\u65b0\u60c5\u5831\u304c\u516c\u958b\u306b\u2026\u2757<br \/>\u305c\u3072\u4eca\u5f8c\u306e\u7d9a\u5831\u3082\u304a\u697d\u3057\u307f\u306b\u2728 <a href=\"https:\/\/t.co\/4e4GMsjlcC\">pic.twitter.com\/4e4GMsjlcC<\/a><\/p>\n<p>&mdash; \u30a2\u30cb\u30e1\u300c\u30dd\u30b1\u30c3\u30c8\u30e2\u30f3\u30b9\u30bf\u30fc\u300d\u516c\u5f0f (@anipoke_PR) <a href=\"https:\/\/twitter.com\/anipoke_PR\/status\/1626533414630465537?ref_src=twsrc%5Etfw\">February 17, 2023<\/a><\/p><\/blockquote>\n<p><script async src=\"https:\/\/platform.twitter.com\/widgets.js\" charset=\"utf-8\"><\/script><\/p>\n<blockquote class=\"twitter-tweet\" data-width=\"500\" data-dnt=\"true\">\n<p lang=\"ja\" dir=\"ltr\">\u25e2\u25e4<a href=\"https:\/\/twitter.com\/hashtag\/%E3%82%A2%E3%83%8B%E3%83%9D%E3%82%B1?src=hash&amp;ref_src=twsrc%5Etfw\">#\u30a2\u30cb\u30dd\u30b1<\/a> \u901f\u5831\u25e2\u25e4<\/p>\n<p>\u65b0\u30b7\u30ea\u30fc\u30ba\u306b\u767b\u5834\u3059\u308b\u30ad\u30e3\u30e9\u30af\u30bf\u30fc\u3092\u3054\u7d39\u4ecb\ud83c\udf1f<\/p>\n<p>\u25a0\u8b0e\u306e\u30e2\u30f3\u30b9\u30bf\u30fc\u30dc\u30fc\u30eb\u3092\u6301\u3064\u5c11\u5e74\u30fb#\u30ed\u30a4\u25a0<\/p>\n<p>\u30c0\u30d6\u30eb\u4e3b\u4eba\u516c\u306e\u4e00\u4eba\u3002\u30ab\u30f3\u30c8\u30fc\u5730\u65b9\u51fa\u8eab\u3002<br \/>\u8b0e\u306e\u30e2\u30f3\u30b9\u30bf\u30fc\u30dc\u30fc\u30eb\u304c\u3001\u30ed\u30a4\u306e\u904b\u547d\u306e\u30ab\u30ae\u3092\u63e1\u3063\u3066\u3044\u308b\u2026\u2049<\/p>\n<p>\u65b0\u30b7\u30ea\u30fc\u30ba\u306f 4\u670814\u65e5(\u91d1)\u30c6\u30ec\u30d3\u6771\u4eac\u7cfb\u306b\u3066\u30b9\u30bf\u30fc\u30c8\u3067\u3059\u203c <a href=\"https:\/\/t.co\/rsp5BM1TDq\">pic.twitter.com\/rsp5BM1TDq<\/a><\/p>\n<p>&mdash; \u30a2\u30cb\u30e1\u300c\u30dd\u30b1\u30c3\u30c8\u30e2\u30f3\u30b9\u30bf\u30fc\u300d\u516c\u5f0f (@anipoke_PR) <a href=\"https:\/\/twitter.com\/anipoke_PR\/status\/1626533162888331264?ref_src=twsrc%5Etfw\">February 17, 2023<\/a><\/p><\/blockquote>\n<p><script async src=\"https:\/\/platform.twitter.com\/widgets.js\" charset=\"utf-8\"><\/script><\/p>\n","protected":false},"excerpt":{"rendered":"Information about Roy, one of the main characters from the new &#8220;Pok\u00e9mon&#8221; TV anime series that will start on Friday, April 14, has been released. After &#8220;Pok\u00e9mon: Mezase Pok\u00e9mon Master,&#8221; the final chapter in the story of Satoshi and Pikachu, the new &#8220;Pok\u00e9mon&#8221; TV anime series will begin airing on Friday April 14, 2023, featuring a girl named Riko and a boy named Roy, A setting drawing depicting various expressions\u2026","protected":false},"author":2,"featured_media":2098,"comment_status":"open","ping_status":"open","sticky":false,"template":"","format":"standard","meta":[],"categories":[82],"tags":[],"eyecatch":{"src":"https:\/\/anime-prd.s3.ap-northeast-1.amazonaws.com\/anime\/wp-content\/uploads\/2023\/02\/21074407\/pokemon1-300x240.jpg","width":300,"height":240},"_links":{"self":[{"href":"https:\/\/saru.co.jp\/anime\/wp-json\/wp\/v2\/posts\/2095"}],"collection":[{"href":"https:\/\/saru.co.jp\/anime\/wp-json\/wp\/v2\/posts"}],"about":[{"href":"https:\/\/saru.co.jp\/anime\/wp-json\/wp\/v2\/types\/post"}],"author":[{"embeddable":true,"href":"https:\/\/saru.co.jp\/anime\/wp-json\/wp\/v2\/users\/2"}],"replies":[{"embeddable":true,"href":"https:\/\/saru.co.jp\/anime\/wp-json\/wp\/v2\/comments?post=2095"}],"version-history":[{"count":6,"href":"https:\/\/saru.co.jp\/anime\/wp-json\/wp\/v2\/posts\/2095\/revisions"}],"predecessor-version":[{"id":2121,"href":"https:\/\/saru.co.jp\/anime\/wp-json\/wp\/v2\/posts\/2095\/revisions\/2121"}],"wp:featuredmedia":[{"embeddable":true,"href":"https:\/\/saru.co.jp\/anime\/wp-json\/wp\/v2\/media\/2098"}],"wp:attachment":[{"href":"https:\/\/saru.co.jp\/anime\/wp-json\/wp\/v2\/media?parent=2095"}],"wp:term":[{"taxonomy":"category","embeddable":true,"href":"https:\/\/saru.co.jp\/anime\/wp-json\/wp\/v2\/categories?post=2095"},{"taxonomy":"post_tag","embeddable":true,"href":"https:\/\/saru.co.jp\/anime\/wp-json\/wp\/v2\/tags?post=2095"}],"curies":[{"name":"wp","href":"https:\/\/api.w.org\/{rel}","templated":true}]}}